[{"@context":"https:\/\/schema.org\/","@type":"Article","@id":"https:\/\/www.frabea.cz\/kvalitni-obaly\/#Article","mainEntityOfPage":"https:\/\/www.frabea.cz\/kvalitni-obaly\/","headline":"Kvalitn\u00ed obaly","name":"Kvalitn\u00ed obaly","description":"V\u017edycky jsem dbala na \u017eivotn\u00ed prost\u0159ed\u00ed. Proto jsem tak\u00e9 v\u017edycky po sv\u00e9m p\u0159\u00edteli cht\u011bla, a tak\u00e9 po sv\u00e9 rodin\u011b, aby dodr\u017eovali takov\u00e9 z\u00e1sady, aby to neubli\u017eovalo p\u0159\u00edrod\u011b a zv\u00ed\u0159at\u016fm. A opravdu nejsem zase tak velk\u00fd aktivista, \u017ee bych se t\u0159eba p\u0159evazovala ke stromu anebo tak podobn\u011b, tohle tedy v\u016fbec ne. Ale j\u00e1 jsem zase r\u00e1da, kdy\u017e lid\u00e9 okolo m\u011b dbaj\u00ed na p\u0159\u00edrodu a na zv\u00ed\u0159ata. Proto\u017ee jsem tak\u00e9 r\u00e1da, \u017ee existuj\u00ed firmy, jako nap\u0159\u00edklad Schoeller Allibert, kter\u00fd je kvalitn\u00ed v\u00fdrobce plastov\u00fdch obal\u016f a dal\u0161\u00edch plastov\u00fdch v\u00fdrobk\u016f. Jsou samoz\u0159ejm\u011b u\u017e recyklovan\u00e9, a to je dob\u0159e. A pr\u00e1v\u011b recyklovan\u00fdch plastov\u00fdch obal\u016f a dal\u0161\u00edch plast\u016f je velice d\u016fle\u017eit\u00e1 pro na\u0161i celou planetu. A .....","datePublished":"2023-03-28","dateModified":"2023-07-24","author":{"@type":"Person","@id":"https:\/\/www.frabea.cz\/author\/#Person","name":"","url":"https:\/\/www.frabea.cz\/author\/","identifier":1,"image":{"@type":"ImageObject","@id":"https:\/\/secure.gravatar.com\/avatar\/40308b9402d145b1dc164f447b6506e9dadca8c8362c3ffb52df95e789c0fd10?s=96&d=mm&r=g","url":"https:\/\/secure.gravatar.com\/avatar\/40308b9402d145b1dc164f447b6506e9dadca8c8362c3ffb52df95e789c0fd10?s=96&d=mm&r=g","height":96,"width":96}},"publisher":{"@type":"Organization","name":"frabea.cz","logo":{"@type":"ImageObject","@id":"\/logo.png","url":"\/logo.png","width":600,"height":60}},"image":{"@type":"ImageObject","@id":"https:\/\/www.frabea.cz\/wp-content\/uploads\/package-1511683_960_720_5.jpg","url":"https:\/\/www.frabea.cz\/wp-content\/uploads\/package-1511683_960_720_5.jpg","height":0,"width":0},"url":"https:\/\/www.frabea.cz\/kvalitni-obaly\/","about":["V\u00fdrobky"],"wordCount":398,"articleBody":"       V\u017edycky jsem dbala na \u017eivotn\u00ed prost\u0159ed\u00ed. Proto jsem tak\u00e9 v\u017edycky po sv\u00e9m p\u0159\u00edteli cht\u011bla, a tak\u00e9 po sv\u00e9 rodin\u011b, aby dodr\u017eovali takov\u00e9 z\u00e1sady, aby to neubli\u017eovalo p\u0159\u00edrod\u011b a zv\u00ed\u0159at\u016fm. A opravdu nejsem zase tak velk\u00fd aktivista, \u017ee bych se t\u0159eba p\u0159evazovala ke stromu anebo tak podobn\u011b, tohle tedy v\u016fbec ne. Ale j\u00e1 jsem zase r\u00e1da, kdy\u017e lid\u00e9 okolo m\u011b dbaj\u00ed na p\u0159\u00edrodu a na zv\u00ed\u0159ata. Proto\u017ee jsem tak\u00e9 r\u00e1da, \u017ee existuj\u00ed firmy, jako nap\u0159\u00edklad Schoeller Allibert, kter\u00fd je kvalitn\u00ed v\u00fdrobce plastov\u00fdch obal\u016f a dal\u0161\u00edch plastov\u00fdch v\u00fdrobk\u016f. Jsou samoz\u0159ejm\u011b u\u017e recyklovan\u00e9, a to je dob\u0159e. A pr\u00e1v\u011b recyklovan\u00fdch plastov\u00fdch obal\u016f a dal\u0161\u00edch plast\u016f je velice d\u016fle\u017eit\u00e1 pro na\u0161i celou planetu. A j\u00e1 sama t\u0159\u00edd\u00edm pravideln\u011b a poctiv\u011b odpad. A v\u016fbec bych n\u011bkde nehodila n\u011bjak\u00fd plast do sm\u011bsn\u00e9ho odpadu. Proto jsem si \u0159ekla, \u017ee kdy\u017e tohle budu \u0161\u00ed\u0159it d\u00e1l, \u017ee by to bylo skv\u011bl\u00e9. Nav\u00edc na webov\u00e9 str\u00e1nce schoellerallibert.com se tak\u00e9 m\u016f\u017eete do\u010d\u00edst, \u017ee tato firma vyr\u00e1b\u00ed opravdu kvalitn\u00ed plastov\u00e9 kontejnery. A tyto plastov\u00e9 kontejnery, kter\u00e9 slo\u017e\u00ed tak\u00e9 na zbo\u017e\u00ed anebo na p\u0159epravu zbo\u017e\u00ed. A tyto plastov\u00e9 kontejnery a palety \u010di boxy si m\u016f\u017eete po\u0159\u00eddit v r\u016fzn\u00fdch velikostech anebo barv\u00e1ch.J\u00e1 jsem t\u011b tady z t\u00e9to firmy objednala tak\u00e9 plastov\u00e9 palety. Je skv\u011bl\u00e9, \u017ee v\u00fdrobce plastov\u00fdch obal\u016f d\u00e1v\u00e1 pozor i na to, aby kvalita byla na prvn\u00edm m\u00edst\u011b. Tyto plasty jsou opravdu kvalitn\u00ed a jenom tak se nerozbij\u00ed, jsou siln\u00e9, tak\u017ee nemus\u00edte m\u00edt obavy, \u017ee by se v\u00e1m t\u0159eba n\u011bco rozbilo, kdybyste do toho dali n\u011bco v\u00edce t\u011b\u017ek\u00e9ho nebo objemn\u00e9ho. Sta\u010d\u00ed se jenom \u0159\u00eddit pokyny v\u00fdrobce a m\u00e1te vyhr\u00e1no. Samoz\u0159ejm\u011b, \u017ee v\u00fdrobce plastov\u00fdch obal\u016f taky mus\u00ed dodr\u017eovat ur\u010dit\u00e9 postupy v\u00fdroby obal\u016f, aby se zachovala jejich kvalita. Tak\u00e9 mus\u00ed proj\u00edt r\u016fzn\u00fdmi testy, jestli se tyto plasty daj\u00ed vyu\u017e\u00edvat i jinak a jestli jsou opravdu nez\u00e1vadn\u00e9. Jen si dejte pozor na to, co a jak tam budete skladovat nebo p\u0159ev\u00e1\u017eet.                                                                                                                                                                                                                                                                                                                                                                                           4.6\/5 - (14 votes)        "},{"@context":"https:\/\/schema.org\/","@type":"BreadcrumbList","itemListElement":[{"@type":"ListItem","position":1,"name":"Kvalitn\u00ed obaly","item":"https:\/\/www.frabea.cz\/kvalitni-obaly\/#breadcrumbitem"}]}]