[{"@context":"https:\/\/schema.org\/","@type":"Article","@id":"https:\/\/www.frabea.cz\/vikend-v-berchtesgadenu\/#Article","mainEntityOfPage":"https:\/\/www.frabea.cz\/vikend-v-berchtesgadenu\/","headline":"V\u00edkend v Berchtesgadenu","name":"V\u00edkend v Berchtesgadenu","description":"Asi 20 kilometr\u016f na jih od Salzburgu le\u017e\u00ed malebn\u00e9 m\u011bste\u010dko Berchtesgaden a N\u00e1rodn\u00ed park Berchtesgaden. Pro svou nedot\u010denou p\u0159\u00edrodu jedin\u00fd n\u011bmeck\u00fd N\u00e1rodn\u00ed alpsk\u00fd park. Le\u017e\u00ed toti\u017e v nejzaz\u0161\u00edm jihov\u00fdchodn\u00edm m\u00edst\u011b Bavorska. Toto m\u00edsto moc lid\u00ed nezn\u00e1 a skute\u010dn\u011b stoj\u00ed za n\u00e1v\u0161t\u011bvu. I v\u00a0l\u00e9t\u011b je zde mnoho m\u00edst, kter\u00e1 stoj\u00ed za to vid\u011bt. Je ze v\u0161ech stran obklopeno Alpami a kdo m\u00e1 r\u00e1d hory, ur\u010dit\u011b bude jeho kr\u00e1sami nad\u0161en. Nejvy\u0161\u0161\u00ed horou je Hochk\u00f6nig (2941 m n. m.), ale ta le\u017e\u00ed na Rakousk\u00e9 \u010d\u00e1sti Alp. Je to vyhl\u00e1\u0161en\u00fd outdoorov\u00fd r\u00e1j pro celou rodinu v\u00a0l\u00e9t\u011b, v\u00a0zim\u011b pro ly\u017ea\u0159e.Jezero K\u00f6nigssee&#8211; nejhlub\u0161\u00ed ledovcov\u00e9 jezero v\u00a0N\u011bmecku (192 m) a nej\u010dist\u0161\u00ed v\u00a0cel\u00e9 Evrop\u011b. M\u016f\u017eete se po n\u011bm .....","datePublished":"2018-08-23","dateModified":"2018-08-23","author":{"@type":"Person","@id":"https:\/\/www.frabea.cz\/author\/#Person","name":"","url":"https:\/\/www.frabea.cz\/author\/","identifier":1,"image":{"@type":"ImageObject","@id":"https:\/\/secure.gravatar.com\/avatar\/40308b9402d145b1dc164f447b6506e9dadca8c8362c3ffb52df95e789c0fd10?s=96&d=mm&r=g","url":"https:\/\/secure.gravatar.com\/avatar\/40308b9402d145b1dc164f447b6506e9dadca8c8362c3ffb52df95e789c0fd10?s=96&d=mm&r=g","height":96,"width":96}},"publisher":{"@type":"Organization","name":"frabea.cz","logo":{"@type":"ImageObject","@id":"\/logo.png","url":"\/logo.png","width":600,"height":60}},"image":{"@type":"ImageObject","@id":"https:\/\/www.frabea.cz\/wp-content\/uploads\/img_a322827_w2295_t1534606840.jpg","url":"https:\/\/www.frabea.cz\/wp-content\/uploads\/img_a322827_w2295_t1534606840.jpg","height":0,"width":0},"url":"https:\/\/www.frabea.cz\/vikend-v-berchtesgadenu\/","wordCount":444,"articleBody":"Asi 20 kilometr\u016f na jih od Salzburgu le\u017e\u00ed malebn\u00e9 m\u011bste\u010dko Berchtesgaden a N\u00e1rodn\u00ed park Berchtesgaden. Pro svou nedot\u010denou p\u0159\u00edrodu jedin\u00fd n\u011bmeck\u00fd N\u00e1rodn\u00ed alpsk\u00fd park. Le\u017e\u00ed toti\u017e v nejzaz\u0161\u00edm jihov\u00fdchodn\u00edm m\u00edst\u011b Bavorska. Toto m\u00edsto moc lid\u00ed nezn\u00e1 a skute\u010dn\u011b stoj\u00ed za n\u00e1v\u0161t\u011bvu. I v\u00a0l\u00e9t\u011b je zde mnoho m\u00edst, kter\u00e1 stoj\u00ed za to vid\u011bt. Je ze v\u0161ech stran obklopeno Alpami a kdo m\u00e1 r\u00e1d hory, ur\u010dit\u011b bude jeho kr\u00e1sami nad\u0161en. Nejvy\u0161\u0161\u00ed horou je Hochk\u00f6nig (2941 m n. m.), ale ta le\u017e\u00ed na Rakousk\u00e9 \u010d\u00e1sti Alp. Je to vyhl\u00e1\u0161en\u00fd outdoorov\u00fd r\u00e1j pro celou rodinu v\u00a0l\u00e9t\u011b, v\u00a0zim\u011b pro ly\u017ea\u0159e.Jezero K\u00f6nigssee&#8211; nejhlub\u0161\u00ed ledovcov\u00e9 jezero v\u00a0N\u011bmecku (192 m) a nej\u010dist\u0161\u00ed v\u00a0cel\u00e9 Evrop\u011b. M\u016f\u017eete se po n\u011bm proplout na elekt\u0159inou poh\u00e1n\u011bn\u00fdch lod\u00edch k barokn\u00edmu kostelu Sv. Bartolom\u011bjea d\u00e1le do Saletu. Odtud vede kr\u00e1tk\u00e1 p\u011b\u0161\u00ed t\u016fra ke vzd\u00e1len\u011bj\u0161\u00edmu jezeru Obersee.Tento z\u00e1\u017eitek si rozhodn\u011b nenechte uj\u00edt, pokud m\u00e1te r\u00e1di pohled na sk\u00e1ly a hory zrcadl\u00edc\u00ed se v okoln\u00edch\u00a0jezerech.HoraJenner&#8211; (1874 m n.m.), a\u017e do v\u00fd\u0161ky 1800 metr\u016f t\u00e9to hory v\u00e1s vyveze lanovka a v\u011b\u0159te, \u017ee ten pohled dol\u016f stoj\u00ed za to, okoln\u00ed vrcholky hor a p\u0159ekr\u00e1sn\u00fd v\u00fdhled na jezero K\u00f6nigssee.Sout\u011bska Almbachklamm&#8211; p\u011b\u0161\u00ed t\u016fra vede po t\u00e9m\u011b\u0159 30 l\u00e1vk\u00e1ch, odm\u011bnou je pohled na bezpo\u010det vodop\u00e1d\u016f, ten posledn\u00ed, vodop\u00e1d Sulzer Wasserfall je vysok\u00fd 114 metr\u016f.Soln\u00e9 dolySalzkammer&#8211; Prohl\u00eddkov\u00fd okruh nazvan\u00fd \u201eCesta do historie soli\u201c v\u00e1s zavede na dobrodru\u017en\u00fd v\u00fdlet do nitra soln\u00e9ho dolu. P\u0159ed zah\u00e1jen\u00edm prohl\u00eddky si ka\u017ed\u00fd \u00fa\u010dastn\u00edk obl\u00e9kne speci\u00e1ln\u00ed overal, kter\u00fd ho ochr\u00e1n\u00ed p\u0159ed chladem, v podzemn\u00edch \u0161tol\u00e1ch je toti\u017e teplota jen +12\u00b0C.Kehlsteinhaus &#8211; Orl\u00ed hn\u00edzdo &#8211; \u00a0\u00a0je proslul\u00e1 Hitlerova pevnost,speci\u00e1ln\u00ed autobus v\u00e1s vyvezepo silni\u010dce pln\u00e9 krkolomn\u00fdch serpent\u00fdn skoro a\u017e na vrchol. \u00dapln\u011b nahoru se pak dostanete dobov\u00fdm v\u00fdtahem (124 m). Orl\u00ed hn\u00edzdo, se hrd\u011b ty\u010d\u00ed na \u00fazk\u00e9m skalnat\u00e9m h\u0159ebeni ve v\u00fd\u0161ce 1 834 m n. m.Zkr\u00e1tka je tady toho hodn\u011b k\u00a0vid\u011bn\u00ed a milovn\u00edci p\u0159\u00edrody by si to nem\u011bli nechat v\u00a0\u017e\u00e1dn\u00e9m p\u0159\u00edpad\u011b uj\u00edt. A kdy\u017e u\u017e budete v\u00a0tomto regionu, nav\u0161tivte ne moc zn\u00e1m\u00e9, necel\u00e9 2 hodinky vzd\u00e1len\u00e9, st\u0159edisko Pyhrn Priel, ur\u010dit\u011b nebudete litovat.                                                                                                                                                                                                                                                                                                                                                                                        4.2\/5 - (12 votes)        "},{"@context":"https:\/\/schema.org\/","@type":"BreadcrumbList","itemListElement":[{"@type":"ListItem","position":1,"name":"V\u00edkend v Berchtesgadenu","item":"https:\/\/www.frabea.cz\/vikend-v-berchtesgadenu\/#breadcrumbitem"}]}]